{"id":70,"date":"2017-08-09T05:16:22","date_gmt":"2017-08-09T05:16:22","guid":{"rendered":"http:\/\/saraorsi.com\/demo\/materiaisdiversos\/?p=70"},"modified":"2017-09-05T10:26:06","modified_gmt":"2017-09-05T10:26:06","slug":"onde-as-oliveira-crescem-os-homens-nao-morrem","status":"publish","type":"post","link":"https:\/\/www.materiaisdiversos.com\/festival\/onde-as-oliveira-crescem-os-homens-nao-morrem\/","title":{"rendered":"Onde as Oliveira Crescem os Homens N\u00e3o Morrem"},"content":{"rendered":"<p class=\"p1\"><span class=\"s1\">Este filme testemunha uma hist\u00f3ria de cren\u00e7a de que a arte pode desempenhar um papel ativo na sociedade. Ele documenta o projeto <i>H\u00e1 Festa no Campo\/ Aldeias Art\u00edsticas<\/i>, projeto de desenvolvimento das aldeias atrav\u00e9s de pr\u00e1ticas art\u00edsticas em quatro povoa\u00e7\u00f5es do interior de Portugal &#8211; Barba\u00eddo, Ch\u00e3o da V\u00e3, Freixial do Campo e Juncal do Campo.<\/span><\/p>\n<p class=\"p1\"><span class=\"s1\">O projeto <i>H\u00e1 Festa no Campo\/ Aldeias Art\u00edsticas<\/i> foi desenvolvido pelas associa\u00e7\u00f5es EcoGerminar e Terceira Pessoa e apoiado pelo Programa PARTIS\/ Funda\u00e7\u00e3o Calouste Gulbenkian.<\/span><\/p>\n","protected":false},"excerpt":{"rendered":"<p>Este filme testemunha uma hist\u00f3ria de cren\u00e7a de que a arte pode desempenhar um papel ativo na sociedade. Ele documenta o projeto H\u00e1 Festa no Campo\/ Aldeias Art\u00edsticas, projeto de desenvolvimento das aldeias atrav\u00e9s de pr\u00e1ticas art\u00edsticas em quatro povoa\u00e7\u00f5es do interior de Portugal &#8211; Barba\u00eddo, Ch\u00e3o da V\u00e3, Freixial do Campo e Juncal do [&hellip;]<\/p>\n","protected":false},"author":1,"featured_media":0,"comment_status":"open","ping_status":"open","sticky":false,"template":"","format":"standard","meta":{"_exactmetrics_skip_tracking":false,"_exactmetrics_sitenote_active":false,"_exactmetrics_sitenote_note":"","_exactmetrics_sitenote_category":0,"footnotes":""},"categories":[3],"tags":[],"_links":{"self":[{"href":"https:\/\/www.materiaisdiversos.com\/festival\/wp-json\/wp\/v2\/posts\/70"}],"collection":[{"href":"https:\/\/www.materiaisdiversos.com\/festival\/wp-json\/wp\/v2\/posts"}],"about":[{"href":"https:\/\/www.materiaisdiversos.com\/festival\/wp-json\/wp\/v2\/types\/post"}],"author":[{"embeddable":true,"href":"https:\/\/www.materiaisdiversos.com\/festival\/wp-json\/wp\/v2\/users\/1"}],"replies":[{"embeddable":true,"href":"https:\/\/www.materiaisdiversos.com\/festival\/wp-json\/wp\/v2\/comments?post=70"}],"version-history":[{"count":8,"href":"https:\/\/www.materiaisdiversos.com\/festival\/wp-json\/wp\/v2\/posts\/70\/revisions"}],"predecessor-version":[{"id":424,"href":"https:\/\/www.materiaisdiversos.com\/festival\/wp-json\/wp\/v2\/posts\/70\/revisions\/424"}],"wp:attachment":[{"href":"https:\/\/www.materiaisdiversos.com\/festival\/wp-json\/wp\/v2\/media?parent=70"}],"wp:term":[{"taxonomy":"category","embeddable":true,"href":"https:\/\/www.materiaisdiversos.com\/festival\/wp-json\/wp\/v2\/categories?post=70"},{"taxonomy":"post_tag","embeddable":true,"href":"https:\/\/www.materiaisdiversos.com\/festival\/wp-json\/wp\/v2\/tags?post=70"}],"curies":[{"name":"wp","href":"https:\/\/api.w.org\/{rel}","templated":true}]}}