{"id":212,"date":"2017-08-15T07:32:53","date_gmt":"2017-08-15T07:32:53","guid":{"rendered":"http:\/\/saraorsi.com\/demo\/materiaisdiversos\/?p=212"},"modified":"2017-08-25T13:49:59","modified_gmt":"2017-08-25T13:49:59","slug":"performances-blackbox-17","status":"publish","type":"post","link":"https:\/\/www.materiaisdiversos.com\/festival\/performances-blackbox-17\/","title":{"rendered":"Performances Blackbox 17"},"content":{"rendered":"<p>No Projeto BlackBox, os alunos autoprop\u00f5em-se a criar e interpretar os seus primeiros projetos coreogr\u00e1ficos, assim como a lan\u00e7ar-se na produ\u00e7\u00e3o dos mesmos. Durante tr\u00eas a quatro meses trabalham em est\u00fadio, partindo de ideias individuais ou coletivas e, por tr\u00eas dias dias, ficam em resid\u00eancia nos teatros municipais de Torres Novas e de Alcanena, procurando integrar as dimens\u00f5es de produ\u00e7\u00e3o, t\u00e9cnica e comunica\u00e7\u00e3o nos projetos.<\/p>\n<p>&nbsp;<\/p>\n<p>No \u00e2mbito da Comunidade Art\u00edstica Emergente, convid\u00e1mos os muito jovens artistas d\u2019<a href=\"https:\/\/www.facebook.com\/O-Corpo-da-Dan%C3%A7a-156561887690572\/\">O Corpo da Dan\u00e7a<\/a> a selecionarem e adaptarem as suas cria\u00e7\u00f5es da BlackBox 2017 para espa\u00e7os da Casa Municipal da Cultura de Alcanena.<\/p>\n","protected":false},"excerpt":{"rendered":"<p>No Projeto BlackBox, os alunos autoprop\u00f5em-se a criar e interpretar os seus primeiros projetos coreogr\u00e1ficos, assim como a lan\u00e7ar-se na produ\u00e7\u00e3o dos mesmos. Durante tr\u00eas a quatro meses trabalham em est\u00fadio, partindo de ideias individuais ou coletivas e, por tr\u00eas dias dias, ficam em resid\u00eancia nos teatros municipais de Torres Novas e de Alcanena, procurando [&hellip;]<\/p>\n","protected":false},"author":1,"featured_media":368,"comment_status":"open","ping_status":"open","sticky":false,"template":"","format":"standard","meta":{"_exactmetrics_skip_tracking":false,"_exactmetrics_sitenote_active":false,"_exactmetrics_sitenote_note":"","_exactmetrics_sitenote_category":0,"footnotes":""},"categories":[8],"tags":[],"_links":{"self":[{"href":"https:\/\/www.materiaisdiversos.com\/festival\/wp-json\/wp\/v2\/posts\/212"}],"collection":[{"href":"https:\/\/www.materiaisdiversos.com\/festival\/wp-json\/wp\/v2\/posts"}],"about":[{"href":"https:\/\/www.materiaisdiversos.com\/festival\/wp-json\/wp\/v2\/types\/post"}],"author":[{"embeddable":true,"href":"https:\/\/www.materiaisdiversos.com\/festival\/wp-json\/wp\/v2\/users\/1"}],"replies":[{"embeddable":true,"href":"https:\/\/www.materiaisdiversos.com\/festival\/wp-json\/wp\/v2\/comments?post=212"}],"version-history":[{"count":6,"href":"https:\/\/www.materiaisdiversos.com\/festival\/wp-json\/wp\/v2\/posts\/212\/revisions"}],"predecessor-version":[{"id":370,"href":"https:\/\/www.materiaisdiversos.com\/festival\/wp-json\/wp\/v2\/posts\/212\/revisions\/370"}],"wp:featuredmedia":[{"embeddable":true,"href":"https:\/\/www.materiaisdiversos.com\/festival\/wp-json\/wp\/v2\/media\/368"}],"wp:attachment":[{"href":"https:\/\/www.materiaisdiversos.com\/festival\/wp-json\/wp\/v2\/media?parent=212"}],"wp:term":[{"taxonomy":"category","embeddable":true,"href":"https:\/\/www.materiaisdiversos.com\/festival\/wp-json\/wp\/v2\/categories?post=212"},{"taxonomy":"post_tag","embeddable":true,"href":"https:\/\/www.materiaisdiversos.com\/festival\/wp-json\/wp\/v2\/tags?post=212"}],"curies":[{"name":"wp","href":"https:\/\/api.w.org\/{rel}","templated":true}]}}