{"id":199,"date":"2017-08-15T07:18:58","date_gmt":"2017-08-15T07:18:58","guid":{"rendered":"http:\/\/saraorsi.com\/demo\/materiaisdiversos\/?p=199"},"modified":"2017-09-05T10:27:28","modified_gmt":"2017-09-05T10:27:28","slug":"en-todas-as-mans","status":"publish","type":"post","link":"https:\/\/www.materiaisdiversos.com\/festival\/en-todas-as-mans\/","title":{"rendered":"En Todas as Mans"},"content":{"rendered":"<p><em>En todas as mans<\/em> aproxima-se da realidade dos \u2018montes vecinais\u2019 na Galiza (em Portugal, os \u2018baldios\u2019), partindo do testemunho de pessoas que lutam para melhorar a sua envolvente e preservar a natureza que tanto identifica este territ\u00f3rio.<\/p>\n<p>Na Galiza, mais de 23% do territ\u00f3rio \u00e9 regido desta forma. Existem 3000 comunidades de \u2018montes vecinais\u2019 envolvendo grande parte da popula\u00e7\u00e3o rural, cerca de 150.000 \u2018comu\u00f1eros\u2019. Esta forma de propriedade tem as suas ra\u00edzes numa conce\u00e7\u00e3o coletiva de territ\u00f3rio e \u00e9 parte do patrim\u00f3nio cultural galego, representando uma situa\u00e7\u00e3o \u00edmpar em toda a Europa.<\/p>\n","protected":false},"excerpt":{"rendered":"<p>En todas as mans aproxima-se da realidade dos \u2018montes vecinais\u2019 na Galiza (em Portugal, os \u2018baldios\u2019), partindo do testemunho de pessoas que lutam para melhorar a sua envolvente e preservar a natureza que tanto identifica este territ\u00f3rio. Na Galiza, mais de 23% do territ\u00f3rio \u00e9 regido desta forma. Existem 3000 comunidades de \u2018montes vecinais\u2019 envolvendo [&hellip;]<\/p>\n","protected":false},"author":1,"featured_media":0,"comment_status":"open","ping_status":"open","sticky":false,"template":"","format":"standard","meta":{"_exactmetrics_skip_tracking":false,"_exactmetrics_sitenote_active":false,"_exactmetrics_sitenote_note":"","_exactmetrics_sitenote_category":0,"footnotes":""},"categories":[3],"tags":[],"_links":{"self":[{"href":"https:\/\/www.materiaisdiversos.com\/festival\/wp-json\/wp\/v2\/posts\/199"}],"collection":[{"href":"https:\/\/www.materiaisdiversos.com\/festival\/wp-json\/wp\/v2\/posts"}],"about":[{"href":"https:\/\/www.materiaisdiversos.com\/festival\/wp-json\/wp\/v2\/types\/post"}],"author":[{"embeddable":true,"href":"https:\/\/www.materiaisdiversos.com\/festival\/wp-json\/wp\/v2\/users\/1"}],"replies":[{"embeddable":true,"href":"https:\/\/www.materiaisdiversos.com\/festival\/wp-json\/wp\/v2\/comments?post=199"}],"version-history":[{"count":5,"href":"https:\/\/www.materiaisdiversos.com\/festival\/wp-json\/wp\/v2\/posts\/199\/revisions"}],"predecessor-version":[{"id":425,"href":"https:\/\/www.materiaisdiversos.com\/festival\/wp-json\/wp\/v2\/posts\/199\/revisions\/425"}],"wp:attachment":[{"href":"https:\/\/www.materiaisdiversos.com\/festival\/wp-json\/wp\/v2\/media?parent=199"}],"wp:term":[{"taxonomy":"category","embeddable":true,"href":"https:\/\/www.materiaisdiversos.com\/festival\/wp-json\/wp\/v2\/categories?post=199"},{"taxonomy":"post_tag","embeddable":true,"href":"https:\/\/www.materiaisdiversos.com\/festival\/wp-json\/wp\/v2\/tags?post=199"}],"curies":[{"name":"wp","href":"https:\/\/api.w.org\/{rel}","templated":true}]}}