{"id":195,"date":"2017-08-15T07:17:21","date_gmt":"2017-08-15T07:17:21","guid":{"rendered":"http:\/\/saraorsi.com\/demo\/materiaisdiversos\/?p=195"},"modified":"2017-09-20T14:42:21","modified_gmt":"2017-09-20T14:42:21","slug":"danca-dance-6","status":"publish","type":"post","link":"https:\/\/www.materiaisdiversos.com\/festival\/danca-dance-6\/","title":{"rendered":"Dan\u00e7a \/ Dance"},"content":{"rendered":"<p>Atrav\u00e9s do impulso de dan\u00e7ar e do prazer do movimento, o bailarino Duarte Valadares vai explorar junto com as atletas de andebol do Juventude Amizade e Conv\u00edvio de Alcanena um vocabul\u00e1rio associado \u00e0s dan\u00e7as urbanas em rela\u00e7\u00e3o com a dan\u00e7a contempor\u00e2nea.<\/p>\n","protected":false},"excerpt":{"rendered":"<p>Atrav\u00e9s do impulso de dan\u00e7ar e do prazer do movimento, o bailarino Duarte Valadares vai explorar junto com as atletas de andebol do Juventude Amizade e Conv\u00edvio de Alcanena um vocabul\u00e1rio associado \u00e0s dan\u00e7as urbanas em rela\u00e7\u00e3o com a dan\u00e7a contempor\u00e2nea.<\/p>\n","protected":false},"author":1,"featured_media":0,"comment_status":"open","ping_status":"open","sticky":false,"template":"","format":"standard","meta":{"_exactmetrics_skip_tracking":false,"_exactmetrics_sitenote_active":false,"_exactmetrics_sitenote_note":"","_exactmetrics_sitenote_category":0,"footnotes":""},"categories":[2],"tags":[],"_links":{"self":[{"href":"https:\/\/www.materiaisdiversos.com\/festival\/wp-json\/wp\/v2\/posts\/195"}],"collection":[{"href":"https:\/\/www.materiaisdiversos.com\/festival\/wp-json\/wp\/v2\/posts"}],"about":[{"href":"https:\/\/www.materiaisdiversos.com\/festival\/wp-json\/wp\/v2\/types\/post"}],"author":[{"embeddable":true,"href":"https:\/\/www.materiaisdiversos.com\/festival\/wp-json\/wp\/v2\/users\/1"}],"replies":[{"embeddable":true,"href":"https:\/\/www.materiaisdiversos.com\/festival\/wp-json\/wp\/v2\/comments?post=195"}],"version-history":[{"count":5,"href":"https:\/\/www.materiaisdiversos.com\/festival\/wp-json\/wp\/v2\/posts\/195\/revisions"}],"predecessor-version":[{"id":482,"href":"https:\/\/www.materiaisdiversos.com\/festival\/wp-json\/wp\/v2\/posts\/195\/revisions\/482"}],"wp:attachment":[{"href":"https:\/\/www.materiaisdiversos.com\/festival\/wp-json\/wp\/v2\/media?parent=195"}],"wp:term":[{"taxonomy":"category","embeddable":true,"href":"https:\/\/www.materiaisdiversos.com\/festival\/wp-json\/wp\/v2\/categories?post=195"},{"taxonomy":"post_tag","embeddable":true,"href":"https:\/\/www.materiaisdiversos.com\/festival\/wp-json\/wp\/v2\/tags?post=195"}],"curies":[{"name":"wp","href":"https:\/\/api.w.org\/{rel}","templated":true}]}}