{"id":162,"date":"2017-08-14T06:21:55","date_gmt":"2017-08-14T06:21:55","guid":{"rendered":"http:\/\/saraorsi.com\/demo\/materiaisdiversos\/?p=162"},"modified":"2017-09-05T10:49:49","modified_gmt":"2017-09-05T10:49:49","slug":"balada-das-vinte-meninas-friorentas-2","status":"publish","type":"post","link":"https:\/\/www.materiaisdiversos.com\/festival\/balada-das-vinte-meninas-friorentas-2\/","title":{"rendered":"BALADA das vinte meninas friorentas"},"content":{"rendered":"<p>Um Poema feito can\u00e7\u00e3o em redor do universo das Andorinhas, dos seus voos, dos seus ninhos e seus ovinhos&#8230; Uma hist\u00f3ria de gera\u00e7\u00f5es e migra\u00e7\u00f5es cheia de vento e sensa\u00e7\u00f5es&#8230;<\/p>\n<p>A partir do poema com o mesmo nome de Matilde Rosa Ara\u00fajo e da partitura para o mesmo poema de Fernando Lopes Gra\u00e7a.<\/p>\n<p>&nbsp;<\/p>\n<p><em>Andorinhas loucas, porque fostes tantas, porque vindes poucas&#8230;<\/em><\/p>\n<p><em>in <\/em>Cancioneiro Popular Portugu\u00eas<\/p>\n<p><em>\u00a0<\/em><\/p>\n<p>Entre fevereiro e mar\u00e7o de 2017 Margarida Mestre desenvolveu parte da pesquisa para a cria\u00e7\u00e3o deste espect\u00e1culo nas EB1 de Cov\u00e3o do Coelho, Gouxaria, Minde e Serra de Sto. Ant\u00f3nio. As duas sess\u00f5es apresentadas no dia 18 de setembro s\u00e3o exclusivas para os alunos destas escolas.<\/p>\n","protected":false},"excerpt":{"rendered":"<p>Um Poema feito can\u00e7\u00e3o em redor do universo das Andorinhas, dos seus voos, dos seus ninhos e seus ovinhos&#8230; Uma hist\u00f3ria de gera\u00e7\u00f5es e migra\u00e7\u00f5es cheia de vento e sensa\u00e7\u00f5es&#8230; A partir do poema com o mesmo nome de Matilde Rosa Ara\u00fajo e da partitura para o mesmo poema de Fernando Lopes Gra\u00e7a. &nbsp; Andorinhas [&hellip;]<\/p>\n","protected":false},"author":1,"featured_media":0,"comment_status":"open","ping_status":"open","sticky":false,"template":"","format":"standard","meta":{"_exactmetrics_skip_tracking":false,"_exactmetrics_sitenote_active":false,"_exactmetrics_sitenote_note":"","_exactmetrics_sitenote_category":0,"footnotes":""},"categories":[9],"tags":[],"_links":{"self":[{"href":"https:\/\/www.materiaisdiversos.com\/festival\/wp-json\/wp\/v2\/posts\/162"}],"collection":[{"href":"https:\/\/www.materiaisdiversos.com\/festival\/wp-json\/wp\/v2\/posts"}],"about":[{"href":"https:\/\/www.materiaisdiversos.com\/festival\/wp-json\/wp\/v2\/types\/post"}],"author":[{"embeddable":true,"href":"https:\/\/www.materiaisdiversos.com\/festival\/wp-json\/wp\/v2\/users\/1"}],"replies":[{"embeddable":true,"href":"https:\/\/www.materiaisdiversos.com\/festival\/wp-json\/wp\/v2\/comments?post=162"}],"version-history":[{"count":5,"href":"https:\/\/www.materiaisdiversos.com\/festival\/wp-json\/wp\/v2\/posts\/162\/revisions"}],"predecessor-version":[{"id":430,"href":"https:\/\/www.materiaisdiversos.com\/festival\/wp-json\/wp\/v2\/posts\/162\/revisions\/430"}],"wp:attachment":[{"href":"https:\/\/www.materiaisdiversos.com\/festival\/wp-json\/wp\/v2\/media?parent=162"}],"wp:term":[{"taxonomy":"category","embeddable":true,"href":"https:\/\/www.materiaisdiversos.com\/festival\/wp-json\/wp\/v2\/categories?post=162"},{"taxonomy":"post_tag","embeddable":true,"href":"https:\/\/www.materiaisdiversos.com\/festival\/wp-json\/wp\/v2\/tags?post=162"}],"curies":[{"name":"wp","href":"https:\/\/api.w.org\/{rel}","templated":true}]}}